{"id":19857,"date":"2021-01-29T16:39:12","date_gmt":"2021-01-29T16:39:12","guid":{"rendered":"https:\/\/canribas.isocialdev.com\/yosoynoviadecanribas\/"},"modified":"2021-01-29T16:39:12","modified_gmt":"2021-01-29T16:39:12","slug":"yosoynoviadecanribas","status":"publish","type":"post","link":"https:\/\/canribas.com\/ca\/yosoynoviadecanribas\/","title":{"rendered":"#YoSoyNoviaDeCanRibas"},"content":{"rendered":"\n<p><strong>Tenim molta hist\u00f2ria, per\u00f2 sobretot tenim hist\u00f2ries.<\/strong><br><br>Cada dia a Can Ribas \u00e9s un dia diferent. Cada casament \u00e9s \u00fanic. Cada parella enamorada \u00e9s especial. Al llarg dels anys, a Can Ribas celebrem la vida i l&#8217;amor omplint aquesta casa d&#8217;hist\u00f2ries boniques i m\u00e0giques creant moments feli\u00e7os.<br><br>Aquest espai \u00e9s vostre, nuvis de Can Ribas. I junts expliquem la vostra hist\u00f2ria que tamb\u00e9 \u00e9s la nostra.<br><br><strong><em>Helena &amp; David \u2013 Octubre 2020<\/em><\/strong><\/p>\n\n\n\n<hr class=\"wp-block-separator has-alpha-channel-opacity\"\/>\n\n\n\n<figure class=\"wp-block-image size-full\"><img fetchpriority=\"high\" decoding=\"async\" width=\"1024\" height=\"683\" src=\"http:\/\/canribas.isocialdev.com\/wp-content\/uploads\/2021\/04\/6F9A0842ismaellobo-1024x683-1.jpg\" alt=\"\" class=\"wp-image-19965\" srcset=\"https:\/\/canribas.com\/wp-content\/uploads\/2021\/04\/6F9A0842ismaellobo-1024x683-1.jpg 1024w, https:\/\/canribas.com\/wp-content\/uploads\/2021\/04\/6F9A0842ismaellobo-1024x683-1-300x200.jpg 300w, https:\/\/canribas.com\/wp-content\/uploads\/2021\/04\/6F9A0842ismaellobo-1024x683-1-768x512.jpg 768w\" sizes=\"(max-width: 1024px) 100vw, 1024px\" \/><\/figure>\n\n\n\n<p>\u201c<em>Tot va comen\u00e7ar un dia en el que jo, Helena Clusellas, la n\u00favia, estava muda degut a una operaci\u00f3 de cordes vocals i al David, el nuvi, se li va escapar a mig sopar familiar la frase&nbsp;<\/em><\/p>\n\n\n\n<p><strong>-Ens hem de fer parella de fet! Em sembla molt injust que no pugui demanar festiu a la feina i acompanyar-la a l\u2019hospital, \u00e9s la meva companya de vida, qu\u00e8 passa que no s\u00f3c ning\u00fa jo?-&nbsp;<\/strong><\/p>\n\n\n\n<p><em>Imagineu-vos doncs la meva reacci\u00f3; tota vermella, nerviosa\u2026no sabia on posar-me, ni tan sols entenia si ho havia dit seriament o tan sols era un pensament passatger nascut d\u2019una emoci\u00f3 forta d\u2019aquell moment, algo impulsiu i res m\u00e9s.&nbsp;<\/em><\/p>\n\n\n\n<p><em>Aix\u00ed doncs amb la pissarra a la m\u00e0 neix la primera conversa sobre el que finalment acabaria sent, per ara,<strong>&nbsp;<\/strong><\/em><strong><em>el dia m\u00e9s feli\u00e7 de la nostra historia.&nbsp;<\/em><\/strong><\/p>\n\n\n\n<p><em>Ja amb la idea de realitzar una boda totalment \u00edntima, sense celebraci\u00f3, res m\u00e9s que firmar els papers i fer un sopar de parella. Casant-nos a l\u2019Abril del 2020. Arriba la pand\u00e8mia, el Covid-19. Ens tanquem a casa durant mesos i entre altres coses reflexionem i enyorem les amistats per\u00f2 i en especial, a la fam\u00edlia. \u00c9s llavors quan obrim els ulls i ens adonem que probablement seria de les \u00faniques \u201cexcuses\u201d perqu\u00e8 es coneguessin les dues fam\u00edlies. En David \u00e9s de Galicia i tota la seva fam\u00edlia i amistats segueixen all\u00e0. &nbsp;<\/em><\/p>\n\n\n\n<p><em>Decidim deixar totalment a part la barrera econ\u00f2mica i l\u2019impediment que suposa la pand\u00e8mia. I comencem a crear la llista dels convidats que realment desitj\u00e0vem que formessin part d\u2019aquell dia irrepetible. Sense planejar-ho i sense donar-hi masses voltes, la resta de detalls venen sols. De seguida tenim molt clar com ens imaginem el gran dia; un&nbsp;<strong>c\u00e0tering vegetari\u00e0<\/strong>&nbsp;per a tothom era per nosaltres de les parts m\u00e9s importants. Una celebraci\u00f3 amb cerim\u00f2nia civil, d\u2019estil \u201c<strong>boho<\/strong>\u201d, r\u00fastic, natural, senzillesa i mirant de fer-ho el m\u00e9s ecol\u00f2gic possible, amb m\u00fasica swing i rock n\u2019roll&nbsp;en directe amb Pianobar, i no podia faltar una petita actuaci\u00f3 nostra&nbsp;<strong>in\u00b7Put<\/strong>&nbsp;com a artistes que som.&nbsp;<\/em><\/p>\n\n\n\n<p><em><strong>Per\u00f2, on?<\/strong>&nbsp;Hav\u00edem de trobar el lloc. Sab\u00edem que vol\u00edem que fos una masia, un lloc totalment apartat de la ciutat. Aix\u00ed doncs amb 7 llocs a la llista apunt per anar a visitar, el primer d\u2019ells \u00e9s&nbsp;<strong>CAN RIBAS<\/strong>. Nom\u00e9s arribar ja ens emocionem i quan vam veure un dels possibles escenaris per a la cerim\u00f2nia ten\u00edem la pell de gallina. Cap dels altres espais que vam visitar ens va transmetre el que ens va transmetre Can Ribas.&nbsp;<\/em><\/p>\n\n\n\n<p><em>Aix\u00ed doncs pactem data el&nbsp;<strong>10-10-2020<\/strong>&nbsp;celebrarem la nostra boda a Can Ribas. La comunicaci\u00f3 amb ells \u00e9s constant i ens ajuden des del minut 1 amb tots els dubtes i detalls per aconseguir al m\u00e0xim el nostre dia. Tenim molt per agrair-los. Mai ens van posar cap inconvenient, sempre facilitats. Ens van oferir un men\u00fa 100% vegetari\u00e0 creat pel nostre cas. No cal parlar del gran dia&nbsp;<strong>\u201cTast del men\u00fa\u201d<\/strong>\u2026quin dia m\u00e9s feli\u00e7 d\u2019emocions i d\u2019est\u00f3mac, clar est\u00e0. Gr\u00e0cies.&nbsp;<\/em><\/p>\n\n\n\n<p><em>No podem obviar parlar de tots els canvis deguts a les restriccions que implicava la pand\u00e8mia. Com ens vam anar adaptant tots plegats a la situaci\u00f3; les solucions i les alternatives, els somriures i el seguir endavant, el no perdre mai la il\u00b7lusi\u00f3 per aconseguir celebrar-ho f\u00f3ssim els que f\u00f3ssim. Ten\u00edem molt clar que si hav\u00edem de ser 20 doncs ho celebrar\u00edem essent 20. La vida s\u2019ha de viure mai sabem el que vindr\u00e0, \u00e9s algo que ens va recordar molt clarament la pand\u00e8mia. I sempre hi ha motius per tirar endavant, somriure i gaudir.&nbsp;De sobte les previsions del temps indicaven que el nostre dissabte seria dia de turmenta, no de pluja no\u2026de turmenta! I b\u00e9 doncs, qu\u00e8 hav\u00edem de fer? Si aix\u00f2 passa, recordeu all\u00f2 de<strong>&nbsp;\u201cn\u00favia mullada,&nbsp;n\u00favia afortunada\u201d.&nbsp;<\/strong>Tot plegat va semblar de conte, el temps no ens va poder acompanyar de millor manera, va crear un escenari incre\u00efblement rom\u00e0ntic. Durant la cerim\u00f2nia va arribar a sortir el sol i just quan s\u2019acabava comen\u00e7ava a caure el preci\u00f3s&nbsp;<strong>\u201cxim-xim\u201d<\/strong>&nbsp;amb les primeres fotos de nuvis. I finalment un cop inici\u00e0vem el sopar a l\u2019interior comen\u00e7aven els llamps i els trons. Senzillament preci\u00f3s.&nbsp;<\/em><\/p>\n\n\n\n<p><em>Gr\u00e0cies Can Ribas per fer-ho possible. Al vostre costat va ser tan f\u00e0cil sempre, no sabrem mai com agrair-ho. Heu creat una hist\u00f2ria m\u00e9s plena de felicitat al voltant de les terres i a nosaltres ens emociona formar-ne part. Ja tenim ganes de que torni a ser 10 d\u2019Octubre per venir a celebrar-ho al restaurant i aix\u00ed poder reviure totes aquelles emocions.<\/em>\u201c<\/p>\n\n\n\n<p>Helena i David<\/p>\n\n\n\n<figure class=\"wp-block-image size-full\"><img decoding=\"async\" width=\"1024\" height=\"683\" src=\"http:\/\/canribas.isocialdev.com\/wp-content\/uploads\/2021\/04\/6F9A0583ismaellobo-1024x683-1.jpg\" alt=\"\" class=\"wp-image-19952\" srcset=\"https:\/\/canribas.com\/wp-content\/uploads\/2021\/04\/6F9A0583ismaellobo-1024x683-1.jpg 1024w, https:\/\/canribas.com\/wp-content\/uploads\/2021\/04\/6F9A0583ismaellobo-1024x683-1-300x200.jpg 300w, https:\/\/canribas.com\/wp-content\/uploads\/2021\/04\/6F9A0583ismaellobo-1024x683-1-768x512.jpg 768w\" sizes=\"(max-width: 1024px) 100vw, 1024px\" \/><figcaption class=\"wp-element-caption\">First look<\/figcaption><\/figure>\n\n\n\n<figure class=\"wp-block-image size-full\"><img decoding=\"async\" width=\"683\" height=\"1024\" src=\"http:\/\/canribas.isocialdev.com\/wp-content\/uploads\/2021\/04\/6F9A0639ismaellobo-683x1024-1.jpg\" alt=\"\" class=\"wp-image-19955\" srcset=\"https:\/\/canribas.com\/wp-content\/uploads\/2021\/04\/6F9A0639ismaellobo-683x1024-1.jpg 683w, https:\/\/canribas.com\/wp-content\/uploads\/2021\/04\/6F9A0639ismaellobo-683x1024-1-200x300.jpg 200w\" sizes=\"(max-width: 683px) 100vw, 683px\" \/><\/figure>\n\n\n\n<figure class=\"wp-block-image size-full\"><img loading=\"lazy\" decoding=\"async\" width=\"1024\" height=\"683\" src=\"http:\/\/canribas.isocialdev.com\/wp-content\/uploads\/2021\/04\/6F9A1164ismaellobo-1024x683-1.jpg\" alt=\"\" class=\"wp-image-19958\" srcset=\"https:\/\/canribas.com\/wp-content\/uploads\/2021\/04\/6F9A1164ismaellobo-1024x683-1.jpg 1024w, https:\/\/canribas.com\/wp-content\/uploads\/2021\/04\/6F9A1164ismaellobo-1024x683-1-300x200.jpg 300w, https:\/\/canribas.com\/wp-content\/uploads\/2021\/04\/6F9A1164ismaellobo-1024x683-1-768x512.jpg 768w\" sizes=\"(max-width: 1024px) 100vw, 1024px\" \/><\/figure>\n\n\n\n<figure class=\"wp-block-image size-full\"><img loading=\"lazy\" decoding=\"async\" width=\"1024\" height=\"683\" src=\"http:\/\/canribas.isocialdev.com\/wp-content\/uploads\/2021\/04\/6F9A0748ismaellobo-2-1024x683-1.jpg\" alt=\"\" class=\"wp-image-19962\" srcset=\"https:\/\/canribas.com\/wp-content\/uploads\/2021\/04\/6F9A0748ismaellobo-2-1024x683-1.jpg 1024w, https:\/\/canribas.com\/wp-content\/uploads\/2021\/04\/6F9A0748ismaellobo-2-1024x683-1-300x200.jpg 300w, https:\/\/canribas.com\/wp-content\/uploads\/2021\/04\/6F9A0748ismaellobo-2-1024x683-1-768x512.jpg 768w\" sizes=\"(max-width: 1024px) 100vw, 1024px\" \/><\/figure>\n\n\n\n<p>Fotograf\u00edas: Ismael Lobo<\/p>\n","protected":false},"excerpt":{"rendered":"<p>Tenim molta hist\u00f2ria, per\u00f2 sobretot tenim hist\u00f2ries. Cada dia a Can Ribas \u00e9s un dia diferent. Cada casament \u00e9s \u00fanic. Cada parella enamorada \u00e9s especial. Al llarg dels anys, a Can Ribas celebrem la vida i l&#8217;amor omplint aquesta casa d&#8217;hist\u00f2ries boniques i m\u00e0giques creant moments feli\u00e7os. Aquest espai \u00e9s vostre, nuvis de Can Ribas. [&hellip;]<\/p>\n","protected":false},"author":3,"featured_media":19854,"comment_status":"open","ping_status":"open","sticky":false,"template":"","format":"standard","meta":{"footnotes":""},"categories":[10],"tags":[],"class_list":["post-19857","post","type-post","status-publish","format-standard","has-post-thumbnail","hentry","category-bodas"],"_links":{"self":[{"href":"https:\/\/canribas.com\/ca\/wp-json\/wp\/v2\/posts\/19857","targetHints":{"allow":["GET"]}}],"collection":[{"href":"https:\/\/canribas.com\/ca\/wp-json\/wp\/v2\/posts"}],"about":[{"href":"https:\/\/canribas.com\/ca\/wp-json\/wp\/v2\/types\/post"}],"author":[{"embeddable":true,"href":"https:\/\/canribas.com\/ca\/wp-json\/wp\/v2\/users\/3"}],"replies":[{"embeddable":true,"href":"https:\/\/canribas.com\/ca\/wp-json\/wp\/v2\/comments?post=19857"}],"version-history":[{"count":0,"href":"https:\/\/canribas.com\/ca\/wp-json\/wp\/v2\/posts\/19857\/revisions"}],"wp:featuredmedia":[{"embeddable":true,"href":"https:\/\/canribas.com\/ca\/wp-json\/wp\/v2\/media\/19854"}],"wp:attachment":[{"href":"https:\/\/canribas.com\/ca\/wp-json\/wp\/v2\/media?parent=19857"}],"wp:term":[{"taxonomy":"category","embeddable":true,"href":"https:\/\/canribas.com\/ca\/wp-json\/wp\/v2\/categories?post=19857"},{"taxonomy":"post_tag","embeddable":true,"href":"https:\/\/canribas.com\/ca\/wp-json\/wp\/v2\/tags?post=19857"}],"curies":[{"name":"wp","href":"https:\/\/api.w.org\/{rel}","templated":true}]}}