{"id":20048,"date":"2021-01-22T17:26:45","date_gmt":"2021-01-22T17:26:45","guid":{"rendered":"https:\/\/canribas.isocialdev.com\/yosoynoviadecanribas-3\/"},"modified":"2021-01-22T17:26:45","modified_gmt":"2021-01-22T17:26:45","slug":"yosoynoviadecanribas-3","status":"publish","type":"post","link":"https:\/\/canribas.com\/ca\/yosoynoviadecanribas-3\/","title":{"rendered":"#YoSoyNoviaDeCanRibas"},"content":{"rendered":"\n<p><strong>Tenim molta hist\u00f2ria, per\u00f2 sobretot tenim hist\u00f2ries.<\/strong><br><br>Cada dia a Can Ribas \u00e9s un dia diferent. Cada casament \u00e9s \u00fanic. Cada parella enamorada \u00e9s especial. Al llarg dels anys, a Can Ribas celebrem la vida i l&#8217;amor omplint aquesta casa d&#8217;hist\u00f2ries boniques i m\u00e0giques creant moments feli\u00e7os.<br><br>Aquest espai \u00e9s vostre, nuvis de Can Ribas. I junts expliquem la vostra hist\u00f2ria que tamb\u00e9 \u00e9s la nostra.<\/p>\n\n\n\n<p>\u201c<em>Encara que la situaci\u00f3 no acompanyava, el passat 27 de setembre vam ser dels afortunats que van poder celebrar el nostre casament. No va ser f\u00e0cil, per\u00f2 Can Ribas va aconseguir que tot fos perfecte.<br>El m\u00e9s important per a nosaltres era la cerim\u00f2nia, un lloc impressionant a l\u2019aire lliure enmig de la natura, i decorat amb un gust exquisit, tot ple de flors i amb la masia de Can Ribas de fons, no podia ser m\u00e9s maco. El jutge de Bigues i Riells, un \u201ccachondo\u201d que va fer que la cerim\u00f2nia fos maca, emotiva, amena i divertida, la veritat \u00e9s que va ser tota una sorpresa i sense saber-ho vam tenir la millor cerim\u00f2nia que pod\u00edem imaginar.<br>L\u2019aperitiu, tot i que no era el que s\u2019acostuma a fer a Can Ribas va ser magn\u00edfic. S\u00ed, el menjar sortia de cuina emplatat, i qu\u00e8? Per casar-se enmig d\u2019una pand\u00e8mia, has de fer concessions i la veritat, entre agafar tu mateix el menjar enmig d\u2019un gran bufet o que et portin el mateix menjar emplatat, no ens va semblar una gran concessi\u00f3. La decoraci\u00f3, el photocall del sof\u00e0, les lletres gegants, el sidecar, el Pianobar\u2026 una passada.<br>El nostre viacrucis personal van ser les taules, entre la gent que pel COVID va ser baixa a l\u2019\u00faltim moment i les restriccions en el nombre de comensals, vam organitzar les taules tres cops\u2026 A l\u2019inici taules de 12 persones, despr\u00e9s van passar a ser de 10 i el dia abans del casament van reduir-ho a 6\u2026. En 24 hores Can Ribas va canviar la mida de les taules i va refer el sittings, com si sempre hagu\u00e9s estat aix\u00ed.<br>Despr\u00e9s de la nostre experi\u00e8ncia, no dubteu que tornar\u00edem a repetir, amb pand\u00e8mia o sense pand\u00e8mia va ser el dia m\u00e9s m\u00e0gic i maco de les nostres vides. La pand\u00e8mia no va deslluir el nostre dia i el m\u00e9s important, va ser COVID FREE, cap convidat va infectar-se!!<br>Tots aquells que esteu pendents del vostre dia, no ho dubteu, no ho aplaceu i celebreu l\u2019amor.<\/em>\u201c<\/p>\n\n\n\n<figure class=\"wp-block-image size-large\"><img fetchpriority=\"high\" decoding=\"async\" width=\"1024\" height=\"683\" src=\"https:\/\/canribas.isocialdev.com\/wp-content\/uploads\/2024\/08\/3964-boda-SG-27092020-dianasegurafotografia-1536x1024-1-1024x683.jpg\" alt=\"\" class=\"wp-image-20035\" srcset=\"https:\/\/canribas.com\/wp-content\/uploads\/2024\/08\/3964-boda-SG-27092020-dianasegurafotografia-1536x1024-1-1024x683.jpg 1024w, https:\/\/canribas.com\/wp-content\/uploads\/2024\/08\/3964-boda-SG-27092020-dianasegurafotografia-1536x1024-1-300x200.jpg 300w, https:\/\/canribas.com\/wp-content\/uploads\/2024\/08\/3964-boda-SG-27092020-dianasegurafotografia-1536x1024-1-768x512.jpg 768w, https:\/\/canribas.com\/wp-content\/uploads\/2024\/08\/3964-boda-SG-27092020-dianasegurafotografia-1536x1024-1.jpg 1536w\" sizes=\"(max-width: 1024px) 100vw, 1024px\" \/><\/figure>\n\n\n\n<figure class=\"wp-block-image size-large\"><img decoding=\"async\" width=\"1024\" height=\"683\" src=\"https:\/\/canribas.isocialdev.com\/wp-content\/uploads\/2024\/08\/4926-boda-SG-27092020-dianasegurafotografia-1536x1024-1-1024x683.jpg\" alt=\"\" class=\"wp-image-20038\" srcset=\"https:\/\/canribas.com\/wp-content\/uploads\/2024\/08\/4926-boda-SG-27092020-dianasegurafotografia-1536x1024-1-1024x683.jpg 1024w, https:\/\/canribas.com\/wp-content\/uploads\/2024\/08\/4926-boda-SG-27092020-dianasegurafotografia-1536x1024-1-300x200.jpg 300w, https:\/\/canribas.com\/wp-content\/uploads\/2024\/08\/4926-boda-SG-27092020-dianasegurafotografia-1536x1024-1-768x512.jpg 768w, https:\/\/canribas.com\/wp-content\/uploads\/2024\/08\/4926-boda-SG-27092020-dianasegurafotografia-1536x1024-1.jpg 1536w\" sizes=\"(max-width: 1024px) 100vw, 1024px\" \/><\/figure>\n\n\n\n<figure class=\"wp-block-image size-large\"><img decoding=\"async\" width=\"1024\" height=\"681\" src=\"https:\/\/canribas.isocialdev.com\/wp-content\/uploads\/2024\/08\/4970-boda-SG-27092020-dianasegurafotografia-1536x1022-1-1024x681.jpg\" alt=\"\" class=\"wp-image-20041\" srcset=\"https:\/\/canribas.com\/wp-content\/uploads\/2024\/08\/4970-boda-SG-27092020-dianasegurafotografia-1536x1022-1-1024x681.jpg 1024w, https:\/\/canribas.com\/wp-content\/uploads\/2024\/08\/4970-boda-SG-27092020-dianasegurafotografia-1536x1022-1-300x200.jpg 300w, https:\/\/canribas.com\/wp-content\/uploads\/2024\/08\/4970-boda-SG-27092020-dianasegurafotografia-1536x1022-1-768x511.jpg 768w, https:\/\/canribas.com\/wp-content\/uploads\/2024\/08\/4970-boda-SG-27092020-dianasegurafotografia-1536x1022-1.jpg 1536w\" sizes=\"(max-width: 1024px) 100vw, 1024px\" \/><\/figure>\n\n\n\n<figure class=\"wp-block-image size-large\"><img loading=\"lazy\" decoding=\"async\" width=\"1024\" height=\"683\" src=\"https:\/\/canribas.isocialdev.com\/wp-content\/uploads\/2024\/08\/5882-boda-SG-27092020-dianasegurafotografia-1536x1024-1-1024x683.jpg\" alt=\"\" class=\"wp-image-20044\" srcset=\"https:\/\/canribas.com\/wp-content\/uploads\/2024\/08\/5882-boda-SG-27092020-dianasegurafotografia-1536x1024-1-1024x683.jpg 1024w, https:\/\/canribas.com\/wp-content\/uploads\/2024\/08\/5882-boda-SG-27092020-dianasegurafotografia-1536x1024-1-300x200.jpg 300w, https:\/\/canribas.com\/wp-content\/uploads\/2024\/08\/5882-boda-SG-27092020-dianasegurafotografia-1536x1024-1-768x512.jpg 768w, https:\/\/canribas.com\/wp-content\/uploads\/2024\/08\/5882-boda-SG-27092020-dianasegurafotografia-1536x1024-1.jpg 1536w\" sizes=\"(max-width: 1024px) 100vw, 1024px\" \/><\/figure>\n","protected":false},"excerpt":{"rendered":"<p>Tenim molta hist\u00f2ria, per\u00f2 sobretot tenim hist\u00f2ries. Cada dia a Can Ribas \u00e9s un dia diferent. Cada casament \u00e9s \u00fanic. Cada parella enamorada \u00e9s especial. Al llarg dels anys, a Can Ribas celebrem la vida i l&#8217;amor omplint aquesta casa d&#8217;hist\u00f2ries boniques i m\u00e0giques creant moments feli\u00e7os. Aquest espai \u00e9s vostre, nuvis de Can Ribas. [&hellip;]<\/p>\n","protected":false},"author":3,"featured_media":20032,"comment_status":"open","ping_status":"open","sticky":false,"template":"","format":"standard","meta":{"footnotes":""},"categories":[10],"tags":[],"class_list":["post-20048","post","type-post","status-publish","format-standard","has-post-thumbnail","hentry","category-bodas"],"_links":{"self":[{"href":"https:\/\/canribas.com\/ca\/wp-json\/wp\/v2\/posts\/20048","targetHints":{"allow":["GET"]}}],"collection":[{"href":"https:\/\/canribas.com\/ca\/wp-json\/wp\/v2\/posts"}],"about":[{"href":"https:\/\/canribas.com\/ca\/wp-json\/wp\/v2\/types\/post"}],"author":[{"embeddable":true,"href":"https:\/\/canribas.com\/ca\/wp-json\/wp\/v2\/users\/3"}],"replies":[{"embeddable":true,"href":"https:\/\/canribas.com\/ca\/wp-json\/wp\/v2\/comments?post=20048"}],"version-history":[{"count":0,"href":"https:\/\/canribas.com\/ca\/wp-json\/wp\/v2\/posts\/20048\/revisions"}],"wp:featuredmedia":[{"embeddable":true,"href":"https:\/\/canribas.com\/ca\/wp-json\/wp\/v2\/media\/20032"}],"wp:attachment":[{"href":"https:\/\/canribas.com\/ca\/wp-json\/wp\/v2\/media?parent=20048"}],"wp:term":[{"taxonomy":"category","embeddable":true,"href":"https:\/\/canribas.com\/ca\/wp-json\/wp\/v2\/categories?post=20048"},{"taxonomy":"post_tag","embeddable":true,"href":"https:\/\/canribas.com\/ca\/wp-json\/wp\/v2\/tags?post=20048"}],"curies":[{"name":"wp","href":"https:\/\/api.w.org\/{rel}","templated":true}]}}