{"id":20071,"date":"2024-08-12T17:32:41","date_gmt":"2024-08-12T17:32:41","guid":{"rendered":"https:\/\/canribas.isocialdev.com\/y-tu-como-imaginas-tu-fiesta\/"},"modified":"2024-08-12T17:32:41","modified_gmt":"2024-08-12T17:32:41","slug":"y-tu-como-imaginas-tu-fiesta","status":"publish","type":"post","link":"https:\/\/canribas.com\/ca\/y-tu-como-imaginas-tu-fiesta\/","title":{"rendered":"I tu, com imagines la teva festa?"},"content":{"rendered":"\n<p>A Can Ribas ens agrada celebrar, deixar l&#8217;\u00e0nima a cada trobada. I \u00e9s per aix\u00f2 que posem tot all\u00f2 que som a disposici\u00f3 de cada casament: la casa amb tots els seus espais i racons, la passi\u00f3 dels nostres professionals, les idees.<\/p>\n\n\n\n<p>La masia pairal ens ofereix, amb tot el seu entorn, espais \u00fanics per a cada ocasi\u00f3. Una finca amb jardins, boscos, salons o terrasses que enamoren per les vistes, pel seu ambient, pel seu encant o per la seva m\u00e0gia.<\/p>\n\n\n\n<p>I quan arriba el moment de reinventar els espais, es reinventa el concepte de festa en un moment donat.<\/p>\n\n\n\n<p>Amb l&#8217;apassionada idea de crear un club a l&#8217;estil angl\u00e8s per amenitzar un casament, fa anys vam crear aquesta idea sense saber que avui cobraria un sentit apropiat i valu\u00f3s. Un ambient c\u00e0lid i agradable, exterior i amb Pianobar. Una genial ocasi\u00f3 per continuar la sobretaula i compartir amb els teus convidats un c\u00f2ctel al vostre gust.<\/p>\n\n\n\n<figure class=\"wp-block-image size-large\"><img fetchpriority=\"high\" decoding=\"async\" width=\"1024\" height=\"683\" src=\"https:\/\/canribas.isocialdev.com\/wp-content\/uploads\/2024\/08\/1136-1536x1024-1-1024x683.jpg\" alt=\"\" class=\"wp-image-20055\" srcset=\"https:\/\/canribas.com\/wp-content\/uploads\/2024\/08\/1136-1536x1024-1-1024x683.jpg 1024w, https:\/\/canribas.com\/wp-content\/uploads\/2024\/08\/1136-1536x1024-1-300x200.jpg 300w, https:\/\/canribas.com\/wp-content\/uploads\/2024\/08\/1136-1536x1024-1-768x512.jpg 768w, https:\/\/canribas.com\/wp-content\/uploads\/2024\/08\/1136-1536x1024-1.jpg 1536w\" sizes=\"(max-width: 1024px) 100vw, 1024px\" \/><\/figure>\n\n\n\n<p><em>Celebrar. Celebrar-ho tot. Al teu gust. Amb la teva gent. Tot s&#8217;hi val. S\u00ed, \u00e9s possible. Sigui el que sigui que estiguis pensant, s\u00ed, es pot fer.<\/em><\/p>\n\n\n\n<p>I m\u00e9s idees per a aquest 2021.<\/p>\n\n\n\n<p><strong>Un concert a l&#8217;aire lliure.<\/strong><\/p>\n\n\n\n<p>T&#8217;imagines acabar el sopar i sorprendre els teus convidats amb un concert en aquest entorn? A aquests nuvis del 22 de juny de 2018 els va semblar una idea fant\u00e0stica com a alternativa a la discoteca.<\/p>\n\n\n\n<figure class=\"wp-block-image size-large\"><img decoding=\"async\" width=\"1024\" height=\"683\" src=\"https:\/\/canribas.isocialdev.com\/wp-content\/uploads\/2024\/08\/1125aledu-1536x1024-1-1024x683.jpg\" alt=\"\" class=\"wp-image-20058\" srcset=\"https:\/\/canribas.com\/wp-content\/uploads\/2024\/08\/1125aledu-1536x1024-1-1024x683.jpg 1024w, https:\/\/canribas.com\/wp-content\/uploads\/2024\/08\/1125aledu-1536x1024-1-300x200.jpg 300w, https:\/\/canribas.com\/wp-content\/uploads\/2024\/08\/1125aledu-1536x1024-1-768x512.jpg 768w, https:\/\/canribas.com\/wp-content\/uploads\/2024\/08\/1125aledu-1536x1024-1.jpg 1536w\" sizes=\"(max-width: 1024px) 100vw, 1024px\" \/><\/figure>\n\n\n\n<figure class=\"wp-block-image size-large\"><img decoding=\"async\" width=\"1024\" height=\"683\" src=\"https:\/\/canribas.isocialdev.com\/wp-content\/uploads\/2024\/08\/1088aledu-1536x1024-1-1024x683.jpg\" alt=\"\" class=\"wp-image-20061\" srcset=\"https:\/\/canribas.com\/wp-content\/uploads\/2024\/08\/1088aledu-1536x1024-1-1024x683.jpg 1024w, https:\/\/canribas.com\/wp-content\/uploads\/2024\/08\/1088aledu-1536x1024-1-300x200.jpg 300w, https:\/\/canribas.com\/wp-content\/uploads\/2024\/08\/1088aledu-1536x1024-1-768x512.jpg 768w, https:\/\/canribas.com\/wp-content\/uploads\/2024\/08\/1088aledu-1536x1024-1.jpg 1536w\" sizes=\"(max-width: 1024px) 100vw, 1024px\" \/><\/figure>\n\n\n\n<p><strong>Jukebox.<\/strong><\/p>\n\n\n\n<p>En aquesta ocasi\u00f3, al llarg de la vetllada, cada taula elegia la seva can\u00e7\u00f3 i Clara la cantava en directe<\/p>\n\n\n\n<figure class=\"wp-block-image size-large\"><img loading=\"lazy\" decoding=\"async\" width=\"768\" height=\"1024\" src=\"https:\/\/canribas.isocialdev.com\/wp-content\/uploads\/2024\/08\/IMG_1496-1152x1536-1-768x1024.jpg\" alt=\"\" class=\"wp-image-20064\" srcset=\"https:\/\/canribas.com\/wp-content\/uploads\/2024\/08\/IMG_1496-1152x1536-1-768x1024.jpg 768w, https:\/\/canribas.com\/wp-content\/uploads\/2024\/08\/IMG_1496-1152x1536-1-225x300.jpg 225w, https:\/\/canribas.com\/wp-content\/uploads\/2024\/08\/IMG_1496-1152x1536-1.jpg 1152w\" sizes=\"(max-width: 768px) 100vw, 768px\" \/><\/figure>\n\n\n\n<p>Una festa memorable amb Pianobar Jukebox donant aquest toc especial al vostre casament perqu\u00e8 tu i els teus convidats gaudiu d&#8217;una manera diferent i \u00fanica. Una idea genial. Escull la can\u00e7\u00f3 i cantants incre\u00efbles interpretaran per a tu.<\/p>\n\n\n\n<p><strong>La teva can\u00e7\u00f3 escrita a cada rac\u00f3. Un karaoke al teu estil.<\/strong><\/p>\n\n\n\n<p>I tots els convidats van compartir a l&#8217;un\u00edson Stand by me de Ben E. King. Emotiu, elegant, original i molt rom\u00e0ntic.<\/p>\n\n\n\n<figure class=\"wp-block-image size-large\"><img loading=\"lazy\" decoding=\"async\" width=\"683\" height=\"1024\" src=\"https:\/\/canribas.isocialdev.com\/wp-content\/uploads\/2024\/08\/3327aledu-768x1152-1-683x1024.jpg\" alt=\"\" class=\"wp-image-20067\" srcset=\"https:\/\/canribas.com\/wp-content\/uploads\/2024\/08\/3327aledu-768x1152-1-683x1024.jpg 683w, https:\/\/canribas.com\/wp-content\/uploads\/2024\/08\/3327aledu-768x1152-1-200x300.jpg 200w, https:\/\/canribas.com\/wp-content\/uploads\/2024\/08\/3327aledu-768x1152-1.jpg 768w\" sizes=\"(max-width: 683px) 100vw, 683px\" \/><\/figure>\n\n\n\n<p>El 2020 passat, com a alternativa al ball, vam tenir l&#8217;oportunitat de redissenyar la festa segons l&#8217;estil de cada parella per al dia del casament.<\/p>\n\n\n\n<p>Aix\u00ed seguirem com hem fet sempre. Tenim molta hist\u00f2ria, per\u00f2 sobretot tenim hist\u00f2ries.<\/p>\n","protected":false},"excerpt":{"rendered":"<p>A Can Ribas ens agrada celebrar, deixar l&#8217;\u00e0nima a cada trobada. I \u00e9s per aix\u00f2 que posem tot all\u00f2 que som a disposici\u00f3 de cada casament: la casa amb tots els seus espais i racons, la passi\u00f3 dels nostres professionals, les idees. La masia pairal ens ofereix, amb tot el seu entorn, espais \u00fanics per [&hellip;]<\/p>\n","protected":false},"author":3,"featured_media":20055,"comment_status":"open","ping_status":"open","sticky":false,"template":"","format":"standard","meta":{"footnotes":""},"categories":[11,1],"tags":[],"class_list":["post-20071","post","type-post","status-publish","format-standard","has-post-thumbnail","hentry","category-eventos","category-uncategorized"],"_links":{"self":[{"href":"https:\/\/canribas.com\/ca\/wp-json\/wp\/v2\/posts\/20071","targetHints":{"allow":["GET"]}}],"collection":[{"href":"https:\/\/canribas.com\/ca\/wp-json\/wp\/v2\/posts"}],"about":[{"href":"https:\/\/canribas.com\/ca\/wp-json\/wp\/v2\/types\/post"}],"author":[{"embeddable":true,"href":"https:\/\/canribas.com\/ca\/wp-json\/wp\/v2\/users\/3"}],"replies":[{"embeddable":true,"href":"https:\/\/canribas.com\/ca\/wp-json\/wp\/v2\/comments?post=20071"}],"version-history":[{"count":0,"href":"https:\/\/canribas.com\/ca\/wp-json\/wp\/v2\/posts\/20071\/revisions"}],"wp:featuredmedia":[{"embeddable":true,"href":"https:\/\/canribas.com\/ca\/wp-json\/wp\/v2\/media\/20055"}],"wp:attachment":[{"href":"https:\/\/canribas.com\/ca\/wp-json\/wp\/v2\/media?parent=20071"}],"wp:term":[{"taxonomy":"category","embeddable":true,"href":"https:\/\/canribas.com\/ca\/wp-json\/wp\/v2\/categories?post=20071"},{"taxonomy":"post_tag","embeddable":true,"href":"https:\/\/canribas.com\/ca\/wp-json\/wp\/v2\/tags?post=20071"}],"curies":[{"name":"wp","href":"https:\/\/api.w.org\/{rel}","templated":true}]}}