{"id":20475,"date":"2024-08-13T11:07:14","date_gmt":"2024-08-13T11:07:14","guid":{"rendered":"https:\/\/canribas.isocialdev.com\/de-rincones\/"},"modified":"2024-08-13T11:07:14","modified_gmt":"2024-08-13T11:07:14","slug":"de-rincones","status":"publish","type":"post","link":"https:\/\/canribas.com\/ca\/de-rincones\/","title":{"rendered":"De racons"},"content":{"rendered":"\n<p>No hi ha lloc que nom\u00e9s sigui un lloc. No hi ha lloc que no sigui el que hi hem viscut, plorat, sentit, rigut, estimat. I, encara que passa a qualsevol espai, hi ha llocs que s\u00f3n una mica m\u00e9s.<\/p>\n\n\n\n<p>A mi em passa amb aquesta casa, que no \u00e9s nom\u00e9s una casa; tampoc no \u00e9s nom\u00e9s una llar. \u00c9s una cosa que s&#8217;hi respira, com si tot el sentit segu\u00eds viu en algun lloc, amagat als racons. Ai, els racons! M\u00e0gics, secrets, verds; cantonades, arbres, font; el banc del jard\u00ed, la butaca davant del piano, la gruta de pedra, els testos de la porxada, l&#8217;escala al costat de l&#8217;\u00e0mfora. Passaria hores anomenant-los i no sabria quan acabar!<\/p>\n\n\n\n<p>I \u00e9s una mica m\u00e9s enll\u00e0 dels records, de les passejades de la m\u00e0 de l&#8217;\u00e0via entrant a la masia per l&#8217;entrada principal o dels anys de jocs. \u00c9s veure els meus fills aqu\u00ed, corretejant, parlant d&#8217;amagat sota l&#8217;ombra de les oliveres, imaginant monstres meravellosos nedant a la bassa, amb una barreja preciosa de nost\u00e0lgia de infantesa i orgull matern. \u00c9s com si mirant-los em vei\u00e9s a mi mateixa a trav\u00e9s d&#8217;un espiell, com si torn\u00e9s a ser jo la que espera divertida darrere un xiprer per espantar l&#8217;avi que s&#8217;acosta i que fingeix no haver vist res per no frustrar el mar de riallades que ve despr\u00e9s. I res no m&#8217;agrada m\u00e9s que el teu riure, cor. Aquest \u00e9s el meu millor lloc, aquesta \u00e9s la meva millor can\u00e7\u00f3[1].<\/p>\n\n\n\n<p>\u00c9s quan comprenc per qu\u00e8 aquest lloc \u00e9s tan especial: perqu\u00e8 \u00e9s tan meu com seu, \u00e9s tan nostre com vostre. Perqu\u00e8 no ho he omplert nom\u00e9s jo, ni els meus pares o germ\u00e0 o avis. Ai, els racons! S\u00f3n plens d&#8217;hist\u00f2ries d&#8217;amor, de fantasies. De parelles que diuen \u201cs\u00ed\u201d i de nens i nenes que v\u00e9nen a conviure. De dragons alegres, de torres amb princeses, d&#8217;indis del bosc i pirates de conte. De primers balls i apassionats petons, de retrobaments m\u00e0gics i abra\u00e7ades eternes. De llums, vestits, colors, can\u00e7ons. De n\u00favies radiants, de nuvis plorant, de fotos de somni. De records preciosos. De vosaltres, d&#8217;ells, de v\u00f3s.<\/p>\n\n\n\n<p>Ai, els racons! Potser amaguen molt, per\u00f2 jo crec que simplement el guarden i el protegeixen. Pensem que ens portem un trosset de lloc en els nostres records i al cap ia la fi s\u00f3n els nostres records, un trosset de nosaltres mateixos, els que es queden en algun rac\u00f3, impregnant-ho sempre.<\/p>\n\n\n\n<p>Diuen que hi ha llocs dels quals un no se&#8217;n va mai. Gr\u00e0cies per no haver-te anat, per romandre d&#8217;alguna manera a tots els racons de Can Ribas. Ai, els racons!<\/p>\n\n\n\n<figure class=\"wp-block-image size-large\"><img fetchpriority=\"high\" decoding=\"async\" width=\"1024\" height=\"683\" src=\"https:\/\/canribas.isocialdev.com\/wp-content\/uploads\/2024\/08\/0181-e1530527956838-1024x683.jpg\" alt=\"\" class=\"wp-image-20465\" srcset=\"https:\/\/canribas.com\/wp-content\/uploads\/2024\/08\/0181-e1530527956838-1024x683.jpg 1024w, https:\/\/canribas.com\/wp-content\/uploads\/2024\/08\/0181-e1530527956838-300x200.jpg 300w, https:\/\/canribas.com\/wp-content\/uploads\/2024\/08\/0181-e1530527956838-768x512.jpg 768w, https:\/\/canribas.com\/wp-content\/uploads\/2024\/08\/0181-e1530527956838.jpg 1200w\" sizes=\"(max-width: 1024px) 100vw, 1024px\" \/><\/figure>\n\n\n\n<figure class=\"wp-block-image size-full\"><img decoding=\"async\" width=\"1024\" height=\"683\" src=\"https:\/\/canribas.isocialdev.com\/wp-content\/uploads\/2024\/08\/0387.jpg\" alt=\"\" class=\"wp-image-20468\" srcset=\"https:\/\/canribas.com\/wp-content\/uploads\/2024\/08\/0387.jpg 1024w, https:\/\/canribas.com\/wp-content\/uploads\/2024\/08\/0387-300x200.jpg 300w, https:\/\/canribas.com\/wp-content\/uploads\/2024\/08\/0387-768x512.jpg 768w\" sizes=\"(max-width: 1024px) 100vw, 1024px\" \/><\/figure>\n\n\n\n<figure class=\"wp-block-image size-full\"><img decoding=\"async\" width=\"1024\" height=\"683\" src=\"https:\/\/canribas.isocialdev.com\/wp-content\/uploads\/2024\/08\/0504.jpg\" alt=\"\" class=\"wp-image-20471\" srcset=\"https:\/\/canribas.com\/wp-content\/uploads\/2024\/08\/0504.jpg 1024w, https:\/\/canribas.com\/wp-content\/uploads\/2024\/08\/0504-300x200.jpg 300w, https:\/\/canribas.com\/wp-content\/uploads\/2024\/08\/0504-768x512.jpg 768w\" sizes=\"(max-width: 1024px) 100vw, 1024px\" \/><\/figure>\n","protected":false},"excerpt":{"rendered":"<p>No hi ha lloc que nom\u00e9s sigui un lloc. No hi ha lloc que no sigui el que hi hem viscut, plorat, sentit, rigut, estimat. I, encara que passa a qualsevol espai, hi ha llocs que s\u00f3n una mica m\u00e9s. A mi em passa amb aquesta casa, que no \u00e9s nom\u00e9s una casa; tampoc no [&hellip;]<\/p>\n","protected":false},"author":3,"featured_media":20462,"comment_status":"open","ping_status":"open","sticky":false,"template":"","format":"standard","meta":{"footnotes":""},"categories":[12],"tags":[],"class_list":["post-20475","post","type-post","status-publish","format-standard","has-post-thumbnail","hentry","category-nosotros"],"_links":{"self":[{"href":"https:\/\/canribas.com\/ca\/wp-json\/wp\/v2\/posts\/20475","targetHints":{"allow":["GET"]}}],"collection":[{"href":"https:\/\/canribas.com\/ca\/wp-json\/wp\/v2\/posts"}],"about":[{"href":"https:\/\/canribas.com\/ca\/wp-json\/wp\/v2\/types\/post"}],"author":[{"embeddable":true,"href":"https:\/\/canribas.com\/ca\/wp-json\/wp\/v2\/users\/3"}],"replies":[{"embeddable":true,"href":"https:\/\/canribas.com\/ca\/wp-json\/wp\/v2\/comments?post=20475"}],"version-history":[{"count":0,"href":"https:\/\/canribas.com\/ca\/wp-json\/wp\/v2\/posts\/20475\/revisions"}],"wp:featuredmedia":[{"embeddable":true,"href":"https:\/\/canribas.com\/ca\/wp-json\/wp\/v2\/media\/20462"}],"wp:attachment":[{"href":"https:\/\/canribas.com\/ca\/wp-json\/wp\/v2\/media?parent=20475"}],"wp:term":[{"taxonomy":"category","embeddable":true,"href":"https:\/\/canribas.com\/ca\/wp-json\/wp\/v2\/categories?post=20475"},{"taxonomy":"post_tag","embeddable":true,"href":"https:\/\/canribas.com\/ca\/wp-json\/wp\/v2\/tags?post=20475"}],"curies":[{"name":"wp","href":"https:\/\/api.w.org\/{rel}","templated":true}]}}